{"id":6018,"date":"2026-08-24T12:52:31","date_gmt":"2026-08-24T16:52:31","guid":{"rendered":"https:\/\/chicu.cl\/dir\/?p=6018"},"modified":"2026-08-24T12:52:31","modified_gmt":"2026-08-24T16:52:31","slug":"6018-2","status":"publish","type":"post","link":"https:\/\/chicu.cl\/dir\/6018-2\/","title":{"rendered":""},"content":{"rendered":"<p>Amplia variedad de materiales y componentes para la construcci\u00f3n. Todo en herramientas y equipos de ferreter\u00eda para construcci\u00f3n y reparaciones generales.<\/p>\n<hr \/>\n<p><iframe loading=\"lazy\" style=\"border: 0;\" src=\"https:\/\/www.google.com\/maps\/embed?pb=!1m18!1m12!1m3!1d3270.1109587172828!2d-70.6793484!3d-33.2860537!2m3!1f0!2f0!3f0!3m2!1i1024!2i768!4f13.1!3m3!1m2!1s0x9662b8fb1e49cde1%3A0xa5b63a51340312d4!2sFERRETERIA%20LA%20PLAZA!5e1!3m2!1ses!2scl!4v1787589701210!5m2!1ses!2scl\" width=\"100%\" height=\"370\" allowfullscreen=\"allowfullscreen\"><span data-mce-type=\"bookmark\" style=\"display: inline-block; width: 0px; overflow: hidden; line-height: 0;\" class=\"mce_SELRES_start\">\ufeff<\/span><\/iframe><\/p>\n<p>En Ferreter\u00eda La Plaza contamos con un personal \u00e1gil y calificado, preparado para ofrecerle asesoramiento en la selecci\u00f3n y compra de los productos, que necesita para realizar sus trabajos de reparaci\u00f3n y construcci\u00f3n en general.<\/p>\n<p>Cu\u00e9ntanos con servicio de despacho a domicilio los 7 d\u00edas de la semana, gratuito por compras sobre $40.000, en el sector c\u00e9ntrico de la Comuna, en caso de ser en otras localidades se cobra un flete adicional.<\/p>\n","protected":false},"excerpt":{"rendered":"<p>Amplia variedad de materiales y componentes para la construcci\u00f3n. Todo en herramientas y equipos de ferreter\u00eda para construcci\u00f3n y reparaciones generales. \ufeff En Ferreter\u00eda La Plaza contamos con un personal &hellip; <\/p>\n","protected":false},"author":1,"featured_media":6019,"comment_status":"open","ping_status":"open","sticky":false,"template":"","format":"standard","meta":{"_acf_changed":false,"_lmt_disableupdate":"","_lmt_disable":"","slim_seo":{"title":"Qu\u00e9 hay en Chicureo","description":"Amplia variedad de materiales y componentes para la construcci\u00f3n. Todo en herramientas y equipos de ferreter\u00eda para construcci\u00f3n y reparaciones generales. \ufeff En"},"_slim_seo_primary_term_category":58,"_slim_seo_primary_term_post_tag":0,"footnotes":""},"categories":[100,54,58],"tags":[],"class_list":["post-6018","post","type-post","status-publish","format-standard","has-post-thumbnail","hentry","category-aislacion","category-maderas","category-materiales"],"acf":[],"modified_by":"kbs","jetpack_featured_media_url":"https:\/\/chicu.cl\/dir\/wp-content\/uploads\/sites\/6\/2026\/08\/ferreteria-la-plaza.webp","_links":{"self":[{"href":"https:\/\/chicu.cl\/dir\/wp-json\/wp\/v2\/posts\/6018","targetHints":{"allow":["GET"]}}],"collection":[{"href":"https:\/\/chicu.cl\/dir\/wp-json\/wp\/v2\/posts"}],"about":[{"href":"https:\/\/chicu.cl\/dir\/wp-json\/wp\/v2\/types\/post"}],"author":[{"embeddable":true,"href":"https:\/\/chicu.cl\/dir\/wp-json\/wp\/v2\/users\/1"}],"replies":[{"embeddable":true,"href":"https:\/\/chicu.cl\/dir\/wp-json\/wp\/v2\/comments?post=6018"}],"version-history":[{"count":3,"href":"https:\/\/chicu.cl\/dir\/wp-json\/wp\/v2\/posts\/6018\/revisions"}],"predecessor-version":[{"id":6023,"href":"https:\/\/chicu.cl\/dir\/wp-json\/wp\/v2\/posts\/6018\/revisions\/6023"}],"wp:featuredmedia":[{"embeddable":true,"href":"https:\/\/chicu.cl\/dir\/wp-json\/wp\/v2\/media\/6019"}],"wp:attachment":[{"href":"https:\/\/chicu.cl\/dir\/wp-json\/wp\/v2\/media?parent=6018"}],"wp:term":[{"taxonomy":"category","embeddable":true,"href":"https:\/\/chicu.cl\/dir\/wp-json\/wp\/v2\/categories?post=6018"},{"taxonomy":"post_tag","embeddable":true,"href":"https:\/\/chicu.cl\/dir\/wp-json\/wp\/v2\/tags?post=6018"}],"curies":[{"name":"wp","href":"https:\/\/api.w.org\/{rel}","templated":true}]}}