{"id":5681,"date":"2026-04-26T12:09:30","date_gmt":"2026-04-26T16:09:30","guid":{"rendered":"https:\/\/chicu.cl\/dir\/?p=5681"},"modified":"2026-04-26T12:28:34","modified_gmt":"2026-04-26T16:28:34","slug":"clinica-alemana-centro-medico-chicureo","status":"publish","type":"post","link":"https:\/\/chicu.cl\/dir\/clinica-alemana-centro-medico-chicureo\/","title":{"rendered":"Cl\u00ednica Alemana centro m\u00e9dico Chicureo"},"content":{"rendered":"<div class=\"Y3BBE\" data-sfc-cp=\"\" data-sfc-cb=\"\" data-hveid=\"CAEQAA\" data-processed=\"true\">\n<p>El Centro M\u00e9dico Cl\u00ednica Alemana en Chicureo inici\u00f3 sus operaciones en marzo de 2020 y realiz\u00f3 su inauguraci\u00f3n oficial en marzo de 2022. Ubicado estrat\u00e9gicamente en la zona, el recinto de 4.000 m\u00b2 (en expansi\u00f3n a 7.500 m\u00b2) ofrece m\u00e1s de 30 especialidades, laboratorio, vacunatorio, im\u00e1genes y atenci\u00f3n continua de urgencia.<\/p>\n<\/div>\n<h5 class=\"Y3BBE\" data-hveid=\"CAIQAA\" data-processed=\"true\"><strong class=\"Yjhzub\" data-sfc-cb=\"\" data-processed=\"true\">Detalles Clave del Centro M\u00e9dico:<\/strong><\/h5>\n<ul class=\"KsbFXc U6u95\" data-sfc-cb=\"\" data-processed=\"true\">\n<li class=\"dF3vjf\" data-sfc-cb=\"\" data-hveid=\"CAMQAA\" data-processed=\"true\"><span class=\"T286Pc\" data-sfc-cp=\"\" data-sfc-cb=\"\" data-processed=\"true\"><strong class=\"Yjhzub\" data-sfc-cb=\"\" data-processed=\"true\">Inauguraci\u00f3n:<\/strong>\u00a0Aunque comenz\u00f3 a funcionar en marzo de 2020, el corte de cinta oficial se realiz\u00f3 el 2 de marzo de 2022.<\/span><\/li>\n<li class=\"dF3vjf\" data-sfc-cb=\"\" data-hveid=\"CAMQAQ\" data-processed=\"true\"><span class=\"T286Pc\" data-sfc-cp=\"\" data-sfc-cb=\"\" data-processed=\"true\"><strong class=\"Yjhzub\" data-sfc-cb=\"\" data-processed=\"true\">Infraestructura:<\/strong>\u00a0Cuenta con un edificio de 4.000 m\u00b2 construidos, con planes de ampliaci\u00f3n a 7.500 m\u00b2.<\/span><\/li>\n<li class=\"dF3vjf\" data-sfc-cb=\"\" data-hveid=\"CAMQAg\" data-processed=\"true\"><span class=\"T286Pc\" data-sfc-cp=\"\" data-sfc-cb=\"\" data-processed=\"true\"><strong class=\"Yjhzub\" data-sfc-cb=\"\" data-processed=\"true\">Servicios:<\/strong>\u00a0Ofrece m\u00e1s de 30 especialidades m\u00e9dicas (pediatr\u00eda, traumatolog\u00eda, ginecolog\u00eda, etc.), laboratorio cl\u00ednico, vacunas, medicina f\u00edsica y rehabilitaci\u00f3n, y un moderno servicio de im\u00e1genes (rayos X, scanner, resonancia).<\/span><\/li>\n<li class=\"dF3vjf\" data-sfc-cb=\"\" data-hveid=\"CAMQAw\" data-processed=\"true\"><span class=\"T286Pc\" data-sfc-cp=\"\" data-sfc-cb=\"\" data-processed=\"true\"><strong class=\"Yjhzub\" data-sfc-cb=\"\" data-processed=\"true\">Atenci\u00f3n:<\/strong>\u00a0Funciona con un sistema de atenci\u00f3n 24 horas y cuenta con ambulancia propia y helipuerto para traslados complejos a la Cl\u00ednica Alemana de Vitacura.<\/span><\/li>\n<li class=\"dF3vjf\" data-sfc-cb=\"\" data-hveid=\"CAMQBA\" data-processed=\"true\"><span class=\"T286Pc\" data-sfc-cp=\"\" data-sfc-cb=\"\" data-processed=\"true\"><strong class=\"Yjhzub\" data-sfc-cb=\"\" data-processed=\"true\">Expansi\u00f3n:<\/strong> Se anunci\u00f3 un plan de crecimiento para aumentar la capacidad de consultas, salas de procedimientos, toma de muestras y una nueva urgencia escolar.<\/span><\/li>\n<\/ul>\n<div class=\"Y3BBE\" data-sfc-cp=\"\" data-sfc-cb=\"\" data-hveid=\"CAQQAA\" data-processed=\"true\">\n<p>El centro busca acercar la calidad de la atenci\u00f3n de Cl\u00ednica Alemana a los habitantes del sector Chicureo\/Colina.<\/p>\n<\/div>\n<hr \/>\n<p><iframe loading=\"lazy\" style=\"border: 0;\" src=\"https:\/\/www.google.com\/maps\/embed?pb=!1m14!1m8!1m3!1d262094.24269198452!2d-70.651841!3d-33.286395!3m2!1i1024!2i768!4f13.1!3m3!1m2!1s0x9662b9f3a21e1d05%3A0x57e1a71c623a6609!2sCl%C3%ADnica%20Alemana%20Chicureo!5e1!3m2!1ses-419!2scl!4v1777218270891!5m2!1ses-419!2scl\" width=\"100%\" height=\"370\" allowfullscreen=\"allowfullscreen\"><span data-mce-type=\"bookmark\" style=\"display: inline-block; width: 0px; overflow: hidden; line-height: 0;\" class=\"mce_SELRES_start\">\ufeff<\/span><\/iframe><\/p>\n","protected":false},"excerpt":{"rendered":"<p>El Centro M\u00e9dico Cl\u00ednica Alemana en Chicureo inici\u00f3 sus operaciones en marzo de 2020 y realiz\u00f3 su inauguraci\u00f3n oficial en marzo de 2022. Ubicado estrat\u00e9gicamente en la zona, el recinto &hellip; <\/p>\n","protected":false},"author":1,"featured_media":5688,"comment_status":"open","ping_status":"open","sticky":false,"template":"","format":"standard","meta":{"_acf_changed":false,"_crdt_document":"","_lmt_disableupdate":"no","_lmt_disable":"","footnotes":""},"categories":[3146],"tags":[],"class_list":["post-5681","post","type-post","status-publish","format-standard","has-post-thumbnail","hentry","category-centro-medico"],"acf":[],"modified_by":"kbs","jetpack_featured_media_url":"https:\/\/chicu.cl\/dir\/wp-content\/uploads\/sites\/6\/2026\/04\/clinica-alemana-chicureo.webp","_links":{"self":[{"href":"https:\/\/chicu.cl\/dir\/wp-json\/wp\/v2\/posts\/5681","targetHints":{"allow":["GET"]}}],"collection":[{"href":"https:\/\/chicu.cl\/dir\/wp-json\/wp\/v2\/posts"}],"about":[{"href":"https:\/\/chicu.cl\/dir\/wp-json\/wp\/v2\/types\/post"}],"author":[{"embeddable":true,"href":"https:\/\/chicu.cl\/dir\/wp-json\/wp\/v2\/users\/1"}],"replies":[{"embeddable":true,"href":"https:\/\/chicu.cl\/dir\/wp-json\/wp\/v2\/comments?post=5681"}],"version-history":[{"count":7,"href":"https:\/\/chicu.cl\/dir\/wp-json\/wp\/v2\/posts\/5681\/revisions"}],"predecessor-version":[{"id":5693,"href":"https:\/\/chicu.cl\/dir\/wp-json\/wp\/v2\/posts\/5681\/revisions\/5693"}],"wp:featuredmedia":[{"embeddable":true,"href":"https:\/\/chicu.cl\/dir\/wp-json\/wp\/v2\/media\/5688"}],"wp:attachment":[{"href":"https:\/\/chicu.cl\/dir\/wp-json\/wp\/v2\/media?parent=5681"}],"wp:term":[{"taxonomy":"category","embeddable":true,"href":"https:\/\/chicu.cl\/dir\/wp-json\/wp\/v2\/categories?post=5681"},{"taxonomy":"post_tag","embeddable":true,"href":"https:\/\/chicu.cl\/dir\/wp-json\/wp\/v2\/tags?post=5681"}],"curies":[{"name":"wp","href":"https:\/\/api.w.org\/{rel}","templated":true}]}}