{"id":2295,"date":"2015-12-03T18:16:35","date_gmt":"2015-12-03T21:16:35","guid":{"rendered":"http:\/\/chicu.cl\/dir\/?p=2295"},"modified":"2026-08-09T12:10:46","modified_gmt":"2026-08-09T16:10:46","slug":"jardin-infantil-chicureo-los-tronquitos","status":"publish","type":"post","link":"https:\/\/chicu.cl\/dir\/jardin-infantil-chicureo-los-tronquitos\/","title":{"rendered":"Jard\u00edn Infantil Chicureo \u201cLos Tronquitos\u201d"},"content":{"rendered":"<p>El <strong>Jard\u00edn Infantil Los Tronquitos de Chicureo<\/strong> fue la base fundacional del <strong>Colegio San Jos\u00e9 de Chicureo<\/strong> y actualmente opera en conjunto con este recinto bajo el nombre de <a href=\"https:\/\/www.colegiosanjose.cl\/comunidad\/jardin-infantil\/\" target=\"_blank\" rel=\"noopener\"><em><strong>Jard\u00edn Infantil San Jos\u00e9<\/strong><\/em><\/a>.<\/p>\n<hr \/>\n<p><iframe loading=\"lazy\" style=\"border: 0;\" src=\"https:\/\/www.google.com\/maps\/embed?pb=!1m18!1m12!1m3!1d3018.5374513526317!2d-70.63989699999999!3d-33.27715999999999!2m3!1f0!2f0!3f0!3m2!1i1024!2i768!4f13.1!3m3!1m2!1s0x9662b8314d1802bb%3A0xe8048f093902ca8a!2sColegio%20San%20Jos%C3%A9%20de%20Chicureo!5e1!3m2!1ses!2scl!4v1786291283205!5m2!1ses!2scl\" width=\"100%\" height=\"370\" allowfullscreen=\"allowfullscreen\"><\/iframe><\/p>\n","protected":false},"excerpt":{"rendered":"<p>El Jard\u00edn Infantil Los Tronquitos de Chicureo fue la base fundacional del Colegio San Jos\u00e9 de Chicureo y actualmente opera en conjunto con este recinto bajo el nombre de Jard\u00edn &hellip; <\/p>\n","protected":false},"author":1,"featured_media":5950,"comment_status":"open","ping_status":"open","sticky":false,"template":"","format":"standard","meta":{"_acf_changed":false,"_lmt_disableupdate":"no","_lmt_disable":"","slim_seo":{"title":"Jard\u00edn Infantil Chicureo \u201cLos Tronquitos\u201d - Qu\u00e9 hay en Chicureo","description":"El Jard\u00edn Infantil Los Tronquitos de Chicureo fue la base fundacional del Colegio San Jos\u00e9 de Chicureo y actualmente opera en conjunto con este recinto bajo el"},"_slim_seo_primary_term_category":0,"_slim_seo_primary_term_post_tag":0,"footnotes":""},"categories":[48],"tags":[626,1501],"class_list":["post-2295","post","type-post","status-publish","format-standard","has-post-thumbnail","hentry","category-jardinesinfantiles","tag-chicureo","tag-jardin-infantil"],"acf":[],"modified_by":"kbs","jetpack_featured_media_url":"https:\/\/chicu.cl\/dir\/wp-content\/uploads\/sites\/6\/2015\/12\/Jardin-Infantil-San-Jose.webp","_links":{"self":[{"href":"https:\/\/chicu.cl\/dir\/wp-json\/wp\/v2\/posts\/2295","targetHints":{"allow":["GET"]}}],"collection":[{"href":"https:\/\/chicu.cl\/dir\/wp-json\/wp\/v2\/posts"}],"about":[{"href":"https:\/\/chicu.cl\/dir\/wp-json\/wp\/v2\/types\/post"}],"author":[{"embeddable":true,"href":"https:\/\/chicu.cl\/dir\/wp-json\/wp\/v2\/users\/1"}],"replies":[{"embeddable":true,"href":"https:\/\/chicu.cl\/dir\/wp-json\/wp\/v2\/comments?post=2295"}],"version-history":[{"count":2,"href":"https:\/\/chicu.cl\/dir\/wp-json\/wp\/v2\/posts\/2295\/revisions"}],"predecessor-version":[{"id":5951,"href":"https:\/\/chicu.cl\/dir\/wp-json\/wp\/v2\/posts\/2295\/revisions\/5951"}],"wp:featuredmedia":[{"embeddable":true,"href":"https:\/\/chicu.cl\/dir\/wp-json\/wp\/v2\/media\/5950"}],"wp:attachment":[{"href":"https:\/\/chicu.cl\/dir\/wp-json\/wp\/v2\/media?parent=2295"}],"wp:term":[{"taxonomy":"category","embeddable":true,"href":"https:\/\/chicu.cl\/dir\/wp-json\/wp\/v2\/categories?post=2295"},{"taxonomy":"post_tag","embeddable":true,"href":"https:\/\/chicu.cl\/dir\/wp-json\/wp\/v2\/tags?post=2295"}],"curies":[{"name":"wp","href":"https:\/\/api.w.org\/{rel}","templated":true}]}}